{"id":894,"date":"2022-11-23T13:04:27","date_gmt":"2022-11-23T12:04:27","guid":{"rendered":"https:\/\/www.zollas.ch\/?p=894"},"modified":"2022-11-23T13:04:29","modified_gmt":"2022-11-23T12:04:29","slug":"versinkt-der-deutsche-zoll-ab-januar-im-chaos","status":"publish","type":"post","link":"https:\/\/www.zollas.ch\/it\/versinkt-der-deutsche-zoll-ab-januar-im-chaos\/","title":{"rendered":"Versinkt der deutsche Zoll ab Januar im Chaos?"},"content":{"rendered":"\n<p>zum 01.01.23 entf\u00e4llt die \u00dcbergangsregelung zur elektronischen Gestellungsmitteilung<\/p>\n\n\n\n<p>Sehr geehrte Gesch\u00e4ftspartner*innen,<\/p>\n\n\n\n<p>gerne informieren wir Sie \u00fcber die neuesten Entwicklungen im Zollwesen. Denn ab dem 1. Januar 2023 wird es tiefgreifende \u00c4nderungen in den Verzollungsabl\u00e4ufen an den Grenzzoll\u00e4mtern zur Schweiz geben: die sogenannte \u201eelektronische Gestellungsmitteilung\u201c h\u00e4lt Einzug. Sehen Sie diesbez\u00fcglich auch das <a href=\"https:\/\/www.zollas.ch\/wp-content\/uploads\/2022\/11\/Info-Schreiben-elektronische-Gestellung-ab-01.01.2023.pdf\">Schreiben unseres Hauptzollamtes Singen<\/a> hierzu.<\/p>\n\n\n\n<p><strong>Was bedeutet das f\u00fcr Ihre Sendungen?<\/strong><\/p>\n\n\n\n<p>Nach aktuellem Stand k\u00f6nnen wir ab Januar auf der Seite <strong>DE-Einfuhr<\/strong> keine Vorabfertigungen mehr t\u00e4tigen. Abfertigungen au\u00dferhalb der B\u00fcro\u00f6ffnungszeiten an allen Grenzen sind dann nicht mehr m\u00f6glich.<\/p>\n\n\n\n<p>Das hat einfach folgenden, gesetzlichen Hintergrund: es reicht nicht mehr aus, eine sogenannte \u201evorzeitige Zollanmeldung\u201c zu machen und diese dem Fahrer mitzugeben bzw. sie zu einer unserer Partner-Zollagentur zu senden (=bislang per A-TA-Nummer). Vielmehr m\u00fcssen wir zus\u00e4tzlich eine Ankunftsmitteilung an den Zoll machen, sobald der LKW auf den Zollhof bzw. Amtsplatz gefahren ist (=CUSCON-NACHRICHT). Das d\u00fcrfen wir nach der aktuellen Formulierung des Zollrechts nicht vorab tun.<\/p>\n\n\n\n<p>Entsprechend wird es uns mit dieser Gesetz\u00e4nderung fast unm\u00f6glich gemacht, f\u00fcr reibungslose Abl\u00e4ufe und verringerte Stauzeiten zu sorgen. Denn wenn die B\u00fcros nicht mehr besetzt sind, kann logischerweise auch keine elektronische Ankunftsmitteilung mehr gemacht werden.<\/p>\n\n\n\n<p>Umgekehrt haben auch die Zoll\u00e4mter selbst mehr Arbeit in der Nachrichtenverarbeitung. Aus diesem Grund kalkulieren Sie ab Januar sicherheitshalber mit l\u00e4ngeren Wartezeiten in der Abfertigung Richtung Deutschland.<\/p>\n\n\n\n<p>Um diese Problemlage zu entsch\u00e4rfen, bieten wir Ihnen weiterhin unseren Abfertigungsservice an der Grenze Bietingen\/Thayngen zu verl\u00e4ngerten \u00d6ffnungszeiten an. Hier k\u00f6nnen Sie auch in Zukunft Ihre Sendungen problemlos bis 20 Uhr abfertigen lassen.<\/p>\n\n\n\n<p>Sollten Sie weitere Fragen und\/oder L\u00f6sungsvorschl\u00e4ge zu diesem Thema haben, sprechen Sie uns bitte jederzeit an.<\/p>\n\n\n\n<p>Kontaktperson:<\/p>\n\n\n\n<p>Iris Porzig-Erny<\/p>\n\n\n\n<p>Tel.: +49 77 34 93 65 91 6<\/p>\n\n\n\n<p><\/p>\n\n\n\n<p><\/p>\n\n\n\n<p><\/p>\n","protected":false},"excerpt":{"rendered":"<p>zum 01.01.23 entf\u00e4llt die \u00dcbergangsregelung zur elektronischen Gestellungsmitteilung Sehr geehrte Gesch\u00e4ftspartner*innen, gerne informieren wir Sie \u00fcber die neuesten Entwicklungen im Zollwesen. Denn ab dem 1. Januar 2023 wird es tiefgreifende \u00c4nderungen in den Verzollungsabl\u00e4ufen an den Grenzzoll\u00e4mtern zur Schweiz geben: die sogenannte \u201eelektronische Gestellungsmitteilung\u201c h\u00e4lt Einzug. Sehen Sie diesbez\u00fcglich auch das Schreiben unseres Hauptzollamtes Singen hierzu. Was bedeutet das f\u00fcr Ihre Sendungen? Nach aktuellem Stand k\u00f6nnen wir ab Januar auf der Seite DE-Einfuhr keine Vorabfertigungen&#8230;  <\/p>\n<div class=\"read-more\"><a class=\"excerpt-read-more\" href=\"https:\/\/www.zollas.ch\/it\/versinkt-der-deutsche-zoll-ab-januar-im-chaos\/\" title=\"Continue reading Versinkt der deutsche Zoll ab Januar im Chaos?\">Read more<i class=\"fa fa-angle-right\"><\/i><\/a><\/div>\n","protected":false},"author":2,"featured_media":0,"comment_status":"closed","ping_status":"closed","sticky":false,"template":"","format":"standard","meta":{"inline_featured_image":false,"footnotes":""},"categories":[1],"tags":[],"yoast_head":"<!-- This site is optimized with the Yoast SEO plugin v21.4 - https:\/\/yoast.com\/wordpress\/plugins\/seo\/ -->\n<title>Versinkt der deutsche Zoll ab Januar im Chaos? &#8211; Zollas Verzollungen Schweiz GmbH<\/title>\n<meta name=\"description\" content=\"Neue Zollvorschrift wirbelt Abfertigung durcheinander\" \/>\n<meta name=\"robots\" content=\"index, follow, max-snippet:-1, max-image-preview:large, max-video-preview:-1\" \/>\n<link rel=\"canonical\" href=\"https:\/\/www.zollas.ch\/versinkt-der-deutsche-zoll-ab-januar-im-chaos\/\" \/>\n<meta property=\"og:locale\" content=\"it_IT\" \/>\n<meta property=\"og:type\" content=\"article\" \/>\n<meta property=\"og:title\" content=\"Versinkt der deutsche Zoll ab Januar im Chaos? &#8211; Zollas Verzollungen Schweiz GmbH\" \/>\n<meta property=\"og:description\" content=\"Neue Zollvorschrift wirbelt Abfertigung durcheinander\" \/>\n<meta property=\"og:url\" content=\"https:\/\/www.zollas.ch\/versinkt-der-deutsche-zoll-ab-januar-im-chaos\/\" \/>\n<meta property=\"og:site_name\" content=\"Zollas Verzollungen Schweiz GmbH\" \/>\n<meta property=\"article:published_time\" content=\"2022-11-23T12:04:27+00:00\" \/>\n<meta property=\"article:modified_time\" content=\"2022-11-23T12:04:29+00:00\" \/>\n<meta name=\"author\" content=\"Zollas\" \/>\n<meta name=\"twitter:card\" content=\"summary_large_image\" \/>\n<meta name=\"twitter:label1\" content=\"Scritto da\" \/>\n\t<meta name=\"twitter:data1\" content=\"Zollas\" \/>\n\t<meta name=\"twitter:label2\" content=\"Tempo di lettura stimato\" \/>\n\t<meta name=\"twitter:data2\" content=\"2 minuti\" \/>\n<script type=\"application\/ld+json\" class=\"yoast-schema-graph\">{\"@context\":\"https:\/\/schema.org\",\"@graph\":[{\"@type\":\"WebPage\",\"@id\":\"https:\/\/www.zollas.ch\/versinkt-der-deutsche-zoll-ab-januar-im-chaos\/\",\"url\":\"https:\/\/www.zollas.ch\/versinkt-der-deutsche-zoll-ab-januar-im-chaos\/\",\"name\":\"Versinkt der deutsche Zoll ab Januar im Chaos? &#8211; Zollas Verzollungen Schweiz GmbH\",\"isPartOf\":{\"@id\":\"https:\/\/www.zollas.ch\/pl\/#website\"},\"datePublished\":\"2022-11-23T12:04:27+00:00\",\"dateModified\":\"2022-11-23T12:04:29+00:00\",\"author\":{\"@id\":\"https:\/\/www.zollas.ch\/pl\/#\/schema\/person\/60dc4551a2b69958e1b5dd473bf290cb\"},\"description\":\"Neue Zollvorschrift wirbelt Abfertigung durcheinander\",\"breadcrumb\":{\"@id\":\"https:\/\/www.zollas.ch\/versinkt-der-deutsche-zoll-ab-januar-im-chaos\/#breadcrumb\"},\"inLanguage\":\"it-IT\",\"potentialAction\":[{\"@type\":\"ReadAction\",\"target\":[\"https:\/\/www.zollas.ch\/versinkt-der-deutsche-zoll-ab-januar-im-chaos\/\"]}]},{\"@type\":\"BreadcrumbList\",\"@id\":\"https:\/\/www.zollas.ch\/versinkt-der-deutsche-zoll-ab-januar-im-chaos\/#breadcrumb\",\"itemListElement\":[{\"@type\":\"ListItem\",\"position\":1,\"name\":\"Home\",\"item\":\"https:\/\/www.zollas.ch\/it\/\"},{\"@type\":\"ListItem\",\"position\":2,\"name\":\"Versinkt der deutsche Zoll ab Januar im Chaos?\"}]},{\"@type\":\"WebSite\",\"@id\":\"https:\/\/www.zollas.ch\/pl\/#website\",\"url\":\"https:\/\/www.zollas.ch\/pl\/\",\"name\":\"Zollas Verzollungen Schweiz GmbH\",\"description\":\"\",\"potentialAction\":[{\"@type\":\"SearchAction\",\"target\":{\"@type\":\"EntryPoint\",\"urlTemplate\":\"https:\/\/www.zollas.ch\/pl\/?s={search_term_string}\"},\"query-input\":\"required name=search_term_string\"}],\"inLanguage\":\"it-IT\"},{\"@type\":\"Person\",\"@id\":\"https:\/\/www.zollas.ch\/pl\/#\/schema\/person\/60dc4551a2b69958e1b5dd473bf290cb\",\"name\":\"Zollas\"}]}<\/script>\n<!-- \/ Yoast SEO plugin. -->","yoast_head_json":{"title":"Versinkt der deutsche Zoll ab Januar im Chaos? &#8211; Zollas Verzollungen Schweiz GmbH","description":"Neue Zollvorschrift wirbelt Abfertigung durcheinander","robots":{"index":"index","follow":"follow","max-snippet":"max-snippet:-1","max-image-preview":"max-image-preview:large","max-video-preview":"max-video-preview:-1"},"canonical":"https:\/\/www.zollas.ch\/versinkt-der-deutsche-zoll-ab-januar-im-chaos\/","og_locale":"it_IT","og_type":"article","og_title":"Versinkt der deutsche Zoll ab Januar im Chaos? &#8211; Zollas Verzollungen Schweiz GmbH","og_description":"Neue Zollvorschrift wirbelt Abfertigung durcheinander","og_url":"https:\/\/www.zollas.ch\/versinkt-der-deutsche-zoll-ab-januar-im-chaos\/","og_site_name":"Zollas Verzollungen Schweiz GmbH","article_published_time":"2022-11-23T12:04:27+00:00","article_modified_time":"2022-11-23T12:04:29+00:00","author":"Zollas","twitter_card":"summary_large_image","twitter_misc":{"Scritto da":"Zollas","Tempo di lettura stimato":"2 minuti"},"schema":{"@context":"https:\/\/schema.org","@graph":[{"@type":"WebPage","@id":"https:\/\/www.zollas.ch\/versinkt-der-deutsche-zoll-ab-januar-im-chaos\/","url":"https:\/\/www.zollas.ch\/versinkt-der-deutsche-zoll-ab-januar-im-chaos\/","name":"Versinkt der deutsche Zoll ab Januar im Chaos? &#8211; Zollas Verzollungen Schweiz GmbH","isPartOf":{"@id":"https:\/\/www.zollas.ch\/pl\/#website"},"datePublished":"2022-11-23T12:04:27+00:00","dateModified":"2022-11-23T12:04:29+00:00","author":{"@id":"https:\/\/www.zollas.ch\/pl\/#\/schema\/person\/60dc4551a2b69958e1b5dd473bf290cb"},"description":"Neue Zollvorschrift wirbelt Abfertigung durcheinander","breadcrumb":{"@id":"https:\/\/www.zollas.ch\/versinkt-der-deutsche-zoll-ab-januar-im-chaos\/#breadcrumb"},"inLanguage":"it-IT","potentialAction":[{"@type":"ReadAction","target":["https:\/\/www.zollas.ch\/versinkt-der-deutsche-zoll-ab-januar-im-chaos\/"]}]},{"@type":"BreadcrumbList","@id":"https:\/\/www.zollas.ch\/versinkt-der-deutsche-zoll-ab-januar-im-chaos\/#breadcrumb","itemListElement":[{"@type":"ListItem","position":1,"name":"Home","item":"https:\/\/www.zollas.ch\/it\/"},{"@type":"ListItem","position":2,"name":"Versinkt der deutsche Zoll ab Januar im Chaos?"}]},{"@type":"WebSite","@id":"https:\/\/www.zollas.ch\/pl\/#website","url":"https:\/\/www.zollas.ch\/pl\/","name":"Zollas Verzollungen Schweiz GmbH","description":"","potentialAction":[{"@type":"SearchAction","target":{"@type":"EntryPoint","urlTemplate":"https:\/\/www.zollas.ch\/pl\/?s={search_term_string}"},"query-input":"required name=search_term_string"}],"inLanguage":"it-IT"},{"@type":"Person","@id":"https:\/\/www.zollas.ch\/pl\/#\/schema\/person\/60dc4551a2b69958e1b5dd473bf290cb","name":"Zollas"}]}},"_links":{"self":[{"href":"https:\/\/www.zollas.ch\/it\/wp-json\/wp\/v2\/posts\/894"}],"collection":[{"href":"https:\/\/www.zollas.ch\/it\/wp-json\/wp\/v2\/posts"}],"about":[{"href":"https:\/\/www.zollas.ch\/it\/wp-json\/wp\/v2\/types\/post"}],"author":[{"embeddable":true,"href":"https:\/\/www.zollas.ch\/it\/wp-json\/wp\/v2\/users\/2"}],"replies":[{"embeddable":true,"href":"https:\/\/www.zollas.ch\/it\/wp-json\/wp\/v2\/comments?post=894"}],"version-history":[{"count":5,"href":"https:\/\/www.zollas.ch\/it\/wp-json\/wp\/v2\/posts\/894\/revisions"}],"predecessor-version":[{"id":902,"href":"https:\/\/www.zollas.ch\/it\/wp-json\/wp\/v2\/posts\/894\/revisions\/902"}],"wp:attachment":[{"href":"https:\/\/www.zollas.ch\/it\/wp-json\/wp\/v2\/media?parent=894"}],"wp:term":[{"taxonomy":"category","embeddable":true,"href":"https:\/\/www.zollas.ch\/it\/wp-json\/wp\/v2\/categories?post=894"},{"taxonomy":"post_tag","embeddable":true,"href":"https:\/\/www.zollas.ch\/it\/wp-json\/wp\/v2\/tags?post=894"}],"curies":[{"name":"wp","href":"https:\/\/api.w.org\/{rel}","templated":true}]}}